{
    "id": 5750,
    "date": "2023-08-17T12:44:33",
    "date_gmt": "2023-08-17T12:44:33",
    "guid": {
        "rendered": "https:\/\/www.bvmberatung.net\/?p=5750"
    },
    "modified": "2023-11-16T14:13:36",
    "modified_gmt": "2023-11-16T14:13:36",
    "slug": "fmm",
    "status": "publish",
    "type": "post",
    "link": "https:\/\/www.bvmberatung.de\/fr\/fmm\/",
    "title": {
        "rendered": "Das Freiburger Management-Modell f\u00fcr Verb\u00e4nde und andere Nonprofit-Organisationen \u2013 ein Klassiker jetzt neu in der 10. Auflage!"
    },
    "content": {
        "rendered": "<p><\/p>\n\n\n\n<p>Das Freiburger Management-Modell (FMM) wurde in den 1980er Jahren als Referenzrahmen f\u00fcr die Management-Praxis von Verb\u00e4nden und weiteren Nonprofit-Organisationen entwickelt. Es integriert Grunds\u00e4tze und Erfahrungswerte der allgemeinen Managementlehre mit den Spezifika von Organisationen, in denen die Verfolgung einer zivilgesellschaftlichen Mission und eines ideellen Sachziels grunds\u00e4tzlich Vorrang gegen\u00fcber wirtschaftlichen Zielsetzungen haben.<\/p>\n\n\n\n<p>Seit der Erstausgabe in Buchform aus dem Jahr 1995 hat das Modell mehrere Erweiterungen und \u00dcberarbeitungen erfahren, wobei die Grundstruktur mit den drei Hauptaufgaben System-, Marketing- und Ressourcenmanagement beibehalten wurde. Ver\u00e4ndert haben sich in der bald 30-j\u00e4hrigen Entwicklungsgeschichte bis zur nun vorliegenden 10. Auflage Begriffe, theoretische Zug\u00e4nge und Sichtweisen der Organisation ebenso wie die Herangehensweisen und bevorzugten Management-Instrumente als Antworten auf Herausforderungen, die das Management von Nonprofit-Organisationen mit sich bringt. Ver\u00e4ndert hat sich auch der Kreis der Hauptautoren aus Wissenschaft und Beratungspraxis. Der Generationenwechsel in der Autorenschaft ist inzwischen vollzogen, nachdem s\u00e4mtliche Autoren der Erstauflage nacheinander ihre Staffelst\u00e4be weitergereicht haben.<\/p>\n\n\n\n<p>Die vorliegende Neubearbeitung ist das Ergebnis eines zweij\u00e4hrigen Arbeitsprozesses, in dem sich zwei bisherige Autoren und drei neue zusammengefunden haben. In dieser Konstellation galt es, Bew\u00e4hrtes und Neues in einem weiteren Entwicklungsschritt zusammenzubringen und das in Auseinandersetzung mit einer Reihe grundlegender Ver\u00e4nderungen, die den Dritten Sektor zwischen Markt und Staat aktuell stark pr\u00e4gen: die Auswirkungen der fortschreitenden Individualisierung und Digitalisierung, die Erprobung selbstorganisierter Arbeits- und Leitungsstrukturen, die umfassende Forderung der Nachhaltigkeit in sozialer, \u00f6konomischer und \u00f6kologischer Hinsicht, um nur die markantesten dieser Ver\u00e4nderungen herauszugreifen. Daf\u00fcr liefert das Freiburger Management-Modell ebenso bew\u00e4hrte wie vorausschauende Ans\u00e4tze und L\u00f6sungen, und die wesentlichen sind im vorliegenden Modellband zusammengestellt und ausgef\u00fchrt.<\/p>\n\n\n\n<p>Ein Buch mit einer so langen und verzweigten Entstehungsgeschichte ist unter Beteiligung vieler Menschen \u00fcber den Autorenkreis hinaus entstanden: Zahlreiche Diskussionen in VMI-Lehrg\u00e4ngen und anderen Begegnungen an den Schnittstellen zwischen Forschung, Organisationsberatung und Managementpraxis haben konzeptionelle \u00dcberlegungen in Gang gebracht und immer wieder auf die Probe gestellt. All dem hoffen die Autoren mit der Neuauflage auch gerecht werden zu k\u00f6nnen.<\/p>\n\n\n\n<div class=\"wp-block-buttons is-layout-flex wp-block-buttons-is-layout-flex\">\n<div class=\"wp-block-button\"><a class=\"wp-block-button__link wp-element-button\" href=\"https:\/\/www.haupt.ch\/buecher\/soziales-wirtschaft\/das-freiburger-management-modell-fuer-nonprofit-organisationen.html?force_sid=ad9gstuih34f3ouhpvma1hn5ps&amp;listtype=search&amp;searchparam=freiburger%20management%20\" target=\"_blank\" rel=\"noreferrer noopener\">Buch hier bestellen<\/a><\/div>\n<\/div>",
        "protected": false
    },
    "excerpt": {
        "rendered": "<p>Das Freiburger Management-Modell (FMM) wurde in den 1980er Jahren als Referenzrahmen f\u00fcr die Management-Praxis von Verb\u00e4nden und weiteren Nonprofit-Organisationen entwickelt.<br \/>\nDie vorliegende Neubearbeitung ist das Ergebnis eines zweij\u00e4hrigen Arbeitsprozesses, in dem sich zwei bisherige Autoren und drei neue zusammengefunden haben.<\/p>",
        "protected": false
    },
    "author": 5,
    "featured_media": 5755,
    "comment_status": "closed",
    "ping_status": "closed",
    "sticky": false,
    "template": "",
    "format": "standard",
    "meta": {
        "footnotes": ""
    },
    "categories": [
        39
    ],
    "tags": [
        127,
        270,
        104,
        146,
        43
    ],
    "beitragskategorie": [
        326
    ],
    "class_list": [
        "post-5750",
        "post",
        "type-post",
        "status-publish",
        "format-standard",
        "has-post-thumbnail",
        "hentry",
        "category-blogbeitraege",
        "tag-bvmbloggt",
        "tag-management",
        "tag-npo",
        "tag-verbandsmanagement",
        "tag-vmi",
        "beitragskategorie-praxistipp"
    ],
    "_links": {
        "self": [
            {
                "href": "https:\/\/www.bvmberatung.de\/fr\/wp-json\/wp\/v2\/posts\/5750",
                "targetHints": {
                    "allow": [
                        "GET"
                    ]
                }
            }
        ],
        "collection": [
            {
                "href": "https:\/\/www.bvmberatung.de\/fr\/wp-json\/wp\/v2\/posts"
            }
        ],
        "about": [
            {
                "href": "https:\/\/www.bvmberatung.de\/fr\/wp-json\/wp\/v2\/types\/post"
            }
        ],
        "author": [
            {
                "embeddable": true,
                "href": "https:\/\/www.bvmberatung.de\/fr\/wp-json\/wp\/v2\/users\/5"
            }
        ],
        "replies": [
            {
                "embeddable": true,
                "href": "https:\/\/www.bvmberatung.de\/fr\/wp-json\/wp\/v2\/comments?post=5750"
            }
        ],
        "version-history": [
            {
                "count": 1,
                "href": "https:\/\/www.bvmberatung.de\/fr\/wp-json\/wp\/v2\/posts\/5750\/revisions"
            }
        ],
        "predecessor-version": [
            {
                "id": 6317,
                "href": "https:\/\/www.bvmberatung.de\/fr\/wp-json\/wp\/v2\/posts\/5750\/revisions\/6317"
            }
        ],
        "wp:featuredmedia": [
            {
                "embeddable": true,
                "href": "https:\/\/www.bvmberatung.de\/fr\/wp-json\/wp\/v2\/media\/5755"
            }
        ],
        "wp:attachment": [
            {
                "href": "https:\/\/www.bvmberatung.de\/fr\/wp-json\/wp\/v2\/media?parent=5750"
            }
        ],
        "wp:term": [
            {
                "taxonomy": "category",
                "embeddable": true,
                "href": "https:\/\/www.bvmberatung.de\/fr\/wp-json\/wp\/v2\/categories?post=5750"
            },
            {
                "taxonomy": "post_tag",
                "embeddable": true,
                "href": "https:\/\/www.bvmberatung.de\/fr\/wp-json\/wp\/v2\/tags?post=5750"
            },
            {
                "taxonomy": "beitragskategorie",
                "embeddable": true,
                "href": "https:\/\/www.bvmberatung.de\/fr\/wp-json\/wp\/v2\/beitragskategorie?post=5750"
            }
        ],
        "curies": [
            {
                "name": "wp",
                "href": "https:\/\/api.w.org\/{rel}",
                "templated": true
            }
        ]
    }
}